{"id":4212,"date":"2023-09-29T09:15:23","date_gmt":"2023-09-29T09:15:23","guid":{"rendered":"https:\/\/kongreshistorykowjezyka2023.us.edu.pl\/?p=4212"},"modified":"2023-09-29T09:15:23","modified_gmt":"2023-09-29T09:15:23","slug":"ukonstytuowala-sie-rada-kongresu-historykow-jezyka","status":"publish","type":"post","link":"https:\/\/kongreshistorykowjezyka2023.us.edu.pl\/index.php\/2023\/09\/29\/ukonstytuowala-sie-rada-kongresu-historykow-jezyka\/","title":{"rendered":"Ukonstytuowa\u0142a si\u0119 Rada Kongresu Historyk\u00f3w J\u0119zyka"},"content":{"rendered":"<p>Szanowni Pa\u0144stwo,<\/p>\n<p>z przyjemno\u015bci\u0105 informujemy, \u017ce zaproszenie do Rady Kongresu Historyk\u00f3w J\u0119zyka przyj\u0119li nast\u0119puj\u0105cy Pa\u0144stwo Profesorowie (podajemy w porz\u0105dku alfabetycznym):<\/p>\n<ul>\n<li>Magdalena Hawrysz, Uniwersytet Zielonog\u00f3rski<\/li>\n<li>Agata Kwa\u015bnicka-Janowicz, Uniwersytet Jagiello\u0144ski<\/li>\n<li>Tomasz Lisowski, Uniwersytet im. Adama Mickiewicza<\/li>\n<li>Tomasz Mika, Uniwersytet im. Adama Mickiewicza<\/li>\n<li>Ewa M\u0142ynarczyk, Uniwersytet Pedagogiczny im. Komisji Edukacji Narodowej w Krakowie<\/li>\n<li>Magdalena Pastuch, Uniwersytet \u015al\u0105ski w Katowicach<\/li>\n<li>Miros\u0142awa Siuciak, Uniwersytet \u015al\u0105ski w Katowicach<\/li>\n<li>Dominika Skrzypek, Uniwersytet im. Adama Mickiewicza<\/li>\n<li>Ewa Wo\u017aniak, Uniwersytet \u0141\u00f3dzki<\/li>\n<li>Rafa\u0142 Zar\u0119bski, Uniwersytet \u0141\u00f3dzki<\/li>\n<\/ul>\n<p>O wynikach prac Rady Kongresu b\u0119dziemy Pa\u0144stwa informowa\u0107 za po\u015brednictwem strony internetowej.<\/p>\n","protected":false},"excerpt":{"rendered":"<p>Szanowni Pa\u0144stwo, z przyjemno\u015bci\u0105 informujemy, \u017ce zaproszenie do Rady Kongresu Historyk\u00f3w J\u0119zyka przyj\u0119li nast\u0119puj\u0105cy Pa\u0144stwo Profesorowie (podajemy w porz\u0105dku alfabetycznym): Magdalena Hawrysz, Uniwersytet Zielonog\u00f3rski Agata Kwa\u015bnicka-Janowicz, Uniwersytet Jagiello\u0144ski Tomasz Lisowski, Uniwersytet im. Adama Mickiewicza Tomasz Mika, Uniwersytet im. Adama Mickiewicza &hellip; <a href=\"https:\/\/kongreshistorykowjezyka2023.us.edu.pl\/index.php\/2023\/09\/29\/ukonstytuowala-sie-rada-kongresu-historykow-jezyka\/\">Continued<\/a><\/p>\n","protected":false},"author":1,"featured_media":4040,"comment_status":"closed","ping_status":"closed","sticky":false,"template":"","format":"standard","meta":{"_kadence_starter_templates_imported_post":false,"footnotes":""},"categories":[17],"tags":[],"class_list":["post-4212","post","type-post","status-publish","format-standard","has-post-thumbnail","hentry","category-adventure"],"_links":{"self":[{"href":"https:\/\/kongreshistorykowjezyka2023.us.edu.pl\/index.php\/wp-json\/wp\/v2\/posts\/4212","targetHints":{"allow":["GET"]}}],"collection":[{"href":"https:\/\/kongreshistorykowjezyka2023.us.edu.pl\/index.php\/wp-json\/wp\/v2\/posts"}],"about":[{"href":"https:\/\/kongreshistorykowjezyka2023.us.edu.pl\/index.php\/wp-json\/wp\/v2\/types\/post"}],"author":[{"embeddable":true,"href":"https:\/\/kongreshistorykowjezyka2023.us.edu.pl\/index.php\/wp-json\/wp\/v2\/users\/1"}],"replies":[{"embeddable":true,"href":"https:\/\/kongreshistorykowjezyka2023.us.edu.pl\/index.php\/wp-json\/wp\/v2\/comments?post=4212"}],"version-history":[{"count":1,"href":"https:\/\/kongreshistorykowjezyka2023.us.edu.pl\/index.php\/wp-json\/wp\/v2\/posts\/4212\/revisions"}],"predecessor-version":[{"id":4213,"href":"https:\/\/kongreshistorykowjezyka2023.us.edu.pl\/index.php\/wp-json\/wp\/v2\/posts\/4212\/revisions\/4213"}],"wp:featuredmedia":[{"embeddable":true,"href":"https:\/\/kongreshistorykowjezyka2023.us.edu.pl\/index.php\/wp-json\/wp\/v2\/media\/4040"}],"wp:attachment":[{"href":"https:\/\/kongreshistorykowjezyka2023.us.edu.pl\/index.php\/wp-json\/wp\/v2\/media?parent=4212"}],"wp:term":[{"taxonomy":"category","embeddable":true,"href":"https:\/\/kongreshistorykowjezyka2023.us.edu.pl\/index.php\/wp-json\/wp\/v2\/categories?post=4212"},{"taxonomy":"post_tag","embeddable":true,"href":"https:\/\/kongreshistorykowjezyka2023.us.edu.pl\/index.php\/wp-json\/wp\/v2\/tags?post=4212"}],"curies":[{"name":"wp","href":"https:\/\/api.w.org\/{rel}","templated":true}]}}