{"id":4118,"date":"2023-04-19T05:46:53","date_gmt":"2023-04-19T05:46:53","guid":{"rendered":"https:\/\/kongreshistorykowjezyka2023.us.edu.pl\/?p=4118"},"modified":"2023-04-19T05:47:20","modified_gmt":"2023-04-19T05:47:20","slug":"informacja","status":"publish","type":"post","link":"https:\/\/kongreshistorykowjezyka2023.us.edu.pl\/index.php\/2023\/04\/19\/informacja\/","title":{"rendered":"Informacja"},"content":{"rendered":"<p><span style=\"font-size: 10.0pt; font-family: 'Verdana',sans-serif;\">Z przyjemno\u015bci\u0105 informujemy, \u017ce referaty wyg\u0142oszone podczas II Kongresu Historyk\u00f3w J\u0119zyka b\u0119d\u0105 publikowane, po uzyskaniu pozytywnych recenzji, w dw\u00f3ch kolejnych numerach p\u00f3\u0142rocznika \u201eForum Lingwistyczne\u201d (<a href=\"https:\/\/journals.us.edu.pl\/index.php\/FL\">https:\/\/journals.us.edu.pl\/index.php\/FL<\/a>). Chcemy tak\u017ce upami\u0119tni\u0107 nasze spotkania okoliczno\u015bciowym tomem pokongresowym, w kt\u00f3rym znajd\u0105 si\u0119 mi\u0119dzy innymi rozszerzone abstrakty wszystkich wyg\u0142oszonych referat\u00f3w oraz autoryzowane zapisy dyskusji panelowych.<\/span><\/p>\n","protected":false},"excerpt":{"rendered":"<p>Z przyjemno\u015bci\u0105 informujemy, \u017ce referaty wyg\u0142oszone podczas II Kongresu Historyk\u00f3w J\u0119zyka b\u0119d\u0105 publikowane, po uzyskaniu pozytywnych recenzji, w dw\u00f3ch kolejnych numerach p\u00f3\u0142rocznika \u201eForum Lingwistyczne\u201d (https:\/\/journals.us.edu.pl\/index.php\/FL). Chcemy tak\u017ce upami\u0119tni\u0107 nasze spotkania okoliczno\u015bciowym tomem pokongresowym, w kt\u00f3rym znajd\u0105 si\u0119 mi\u0119dzy innymi rozszerzone &hellip; <a href=\"https:\/\/kongreshistorykowjezyka2023.us.edu.pl\/index.php\/2023\/04\/19\/informacja\/\">Continued<\/a><\/p>\n","protected":false},"author":1,"featured_media":4040,"comment_status":"closed","ping_status":"closed","sticky":false,"template":"","format":"standard","meta":{"_kadence_starter_templates_imported_post":false,"footnotes":""},"categories":[17],"tags":[],"class_list":["post-4118","post","type-post","status-publish","format-standard","has-post-thumbnail","hentry","category-adventure"],"_links":{"self":[{"href":"https:\/\/kongreshistorykowjezyka2023.us.edu.pl\/index.php\/wp-json\/wp\/v2\/posts\/4118","targetHints":{"allow":["GET"]}}],"collection":[{"href":"https:\/\/kongreshistorykowjezyka2023.us.edu.pl\/index.php\/wp-json\/wp\/v2\/posts"}],"about":[{"href":"https:\/\/kongreshistorykowjezyka2023.us.edu.pl\/index.php\/wp-json\/wp\/v2\/types\/post"}],"author":[{"embeddable":true,"href":"https:\/\/kongreshistorykowjezyka2023.us.edu.pl\/index.php\/wp-json\/wp\/v2\/users\/1"}],"replies":[{"embeddable":true,"href":"https:\/\/kongreshistorykowjezyka2023.us.edu.pl\/index.php\/wp-json\/wp\/v2\/comments?post=4118"}],"version-history":[{"count":1,"href":"https:\/\/kongreshistorykowjezyka2023.us.edu.pl\/index.php\/wp-json\/wp\/v2\/posts\/4118\/revisions"}],"predecessor-version":[{"id":4119,"href":"https:\/\/kongreshistorykowjezyka2023.us.edu.pl\/index.php\/wp-json\/wp\/v2\/posts\/4118\/revisions\/4119"}],"wp:featuredmedia":[{"embeddable":true,"href":"https:\/\/kongreshistorykowjezyka2023.us.edu.pl\/index.php\/wp-json\/wp\/v2\/media\/4040"}],"wp:attachment":[{"href":"https:\/\/kongreshistorykowjezyka2023.us.edu.pl\/index.php\/wp-json\/wp\/v2\/media?parent=4118"}],"wp:term":[{"taxonomy":"category","embeddable":true,"href":"https:\/\/kongreshistorykowjezyka2023.us.edu.pl\/index.php\/wp-json\/wp\/v2\/categories?post=4118"},{"taxonomy":"post_tag","embeddable":true,"href":"https:\/\/kongreshistorykowjezyka2023.us.edu.pl\/index.php\/wp-json\/wp\/v2\/tags?post=4118"}],"curies":[{"name":"wp","href":"https:\/\/api.w.org\/{rel}","templated":true}]}}